{"id":4580,"date":"2025-06-27T09:50:11","date_gmt":"2025-06-27T12:50:11","guid":{"rendered":"https:\/\/hotsites.adasa.df.gov.br\/?p=4580"},"modified":"2025-06-27T09:50:13","modified_gmt":"2025-06-27T12:50:13","slug":"adasa-destaca-papel-da-mediacao-governanca-e-comunicacao-no-2o-ciclo-das-camaras-tecnicas-da-abar","status":"publish","type":"post","link":"https:\/\/hotsites.adasa.df.gov.br\/index.php\/2025\/06\/27\/adasa-destaca-papel-da-mediacao-governanca-e-comunicacao-no-2o-ciclo-das-camaras-tecnicas-da-abar\/","title":{"rendered":"Adasa destaca papel da media\u00e7\u00e3o, governan\u00e7a e comunica\u00e7\u00e3o no 2\u00ba ciclo das C\u00e2maras T\u00e9cnicas da ABAR"},"content":{"rendered":"\n<figure class=\"wp-block-image aligncenter size-large\"><img fetchpriority=\"high\" decoding=\"async\" width=\"1024\" height=\"577\" src=\"https:\/\/samediasites.blob.core.windows.net\/hotsites-wp-media\/2025\/06\/CAPA-CPI-MelchioR-1024x577.jpg\" alt=\"\" class=\"wp-image-4581\" title=\"\" srcset=\"https:\/\/samediasites.blob.core.windows.net\/hotsites-wp-media\/2025\/06\/CAPA-CPI-MelchioR-1024x577.jpg 1024w, https:\/\/samediasites.blob.core.windows.net\/hotsites-wp-media\/2025\/06\/CAPA-CPI-MelchioR-300x169.jpg 300w, https:\/\/samediasites.blob.core.windows.net\/hotsites-wp-media\/2025\/06\/CAPA-CPI-MelchioR-768x432.jpg 768w, https:\/\/samediasites.blob.core.windows.net\/hotsites-wp-media\/2025\/06\/CAPA-CPI-MelchioR-1536x865.jpg 1536w, https:\/\/samediasites.blob.core.windows.net\/hotsites-wp-media\/2025\/06\/CAPA-CPI-MelchioR-2048x1153.jpg 2048w\" sizes=\"(max-width: 1024px) 100vw, 1024px\" \/><\/figure>\n\n\n\n<p>Nesta quinta-feira (26\/6), a Adasa deu continuidade \u00e0 sua participa\u00e7\u00e3o no 2\u00ba ciclo de reuni\u00f5es das C\u00e2maras T\u00e9cnicas da Associa\u00e7\u00e3o Brasileira de Ag\u00eancias de Regula\u00e7\u00e3o (ABAR), que ocorre em Fortaleza (CE). Ao longo do dia, a Ag\u00eancia contribuiu com discuss\u00f5es relevantes nas \u00e1reas de media\u00e7\u00e3o de conflitos, governan\u00e7a regulat\u00f3ria e comunica\u00e7\u00e3o institucional.<\/p>\n\n\n\n<p>Pela manh\u00e3, teve in\u00edcio a C\u00e2mara T\u00e9cnica de Direito do Consumidor, Media\u00e7\u00e3o e Participa\u00e7\u00e3o Social (CTDMPS). A reguladora Samira Iasbeck participou do painel \u201cO mediador na regula\u00e7\u00e3o\u201d, no qual defendeu a media\u00e7\u00e3o como ferramenta estrat\u00e9gica para a resolu\u00e7\u00e3o de conflitos no setor regulat\u00f3rio. \u201cA media\u00e7\u00e3o \u00e9 uma forma de gest\u00e3o de conflitos, mas tamb\u00e9m uma filosofia de vida. Ela carrega valores fundamentais, pois traduz para a pr\u00e1tica o que est\u00e1 previsto em lei. Com ela, o resultado \u00e9 imediato\u201d, ressaltou Samira.<\/p>\n\n\n\n<p>No per\u00edodo da tarde, come\u00e7aram os trabalhos da C\u00e2mara T\u00e9cnica de Governan\u00e7a e Comunica\u00e7\u00e3o (CTGCOM), sob coordena\u00e7\u00e3o do superintendente de Planejamento e Programas Especiais (SPE), Carlos Pinheiro. O chefe do Controle Interno e Compliance (CIC), Dennis do Valle, moderou o painel \u201cAgenda Regulat\u00f3ria da ANA e os desafios da governan\u00e7a regulat\u00f3ria\u201d, apresentando as experi\u00eancias e avan\u00e7os da Adasa na \u00e1rea, quando teve a oportunidade.<\/p>\n\n\n\n<p>Na sequ\u00eancia, a chefe da Assessoria de Comunica\u00e7\u00e3o Institucional (ACI), Roberta Nobre, conduziu a mesa sobre Comunica\u00e7\u00e3o, que promoveu uma roda de conversa sobre o relacionamento das ag\u00eancias reguladoras com a m\u00eddia. \u201cO profissional de comunica\u00e7\u00e3o precisa ser um term\u00f4metro para a alta dire\u00e7\u00e3o, al\u00e9m de atuar junto aos p\u00fablicos interno, externo e \u00e0 imprensa. Na Adasa, contamos com um corpo t\u00e9cnico muito h\u00e1bil, e nosso papel \u00e9 traduzir esse conhecimento para uma linguagem acess\u00edvel \u00e0 sociedade\u201d, pontuou Roberta.<\/p>\n\n\n\n<p>As atividades do 2\u00ba ciclo seguem at\u00e9 esta sexta-feira (27\/6), com os debates conduzidos pela C\u00e2mara T\u00e9cnica de Energia.<\/p>\n\n\n\n<figure class=\"wp-block-gallery has-nested-images columns-default is-cropped wp-block-gallery-1 is-layout-flex wp-block-gallery-is-layout-flex\">\n<figure class=\"wp-block-image size-large\"><img decoding=\"async\" width=\"1024\" height=\"577\" data-id=\"4584\" src=\"https:\/\/samediasites.blob.core.windows.net\/hotsites-wp-media\/2025\/06\/CPI-MelchioR-2-1024x577.jpg\" alt=\"\" class=\"wp-image-4584\" title=\"\" srcset=\"https:\/\/samediasites.blob.core.windows.net\/hotsites-wp-media\/2025\/06\/CPI-MelchioR-2-1024x577.jpg 1024w, https:\/\/samediasites.blob.core.windows.net\/hotsites-wp-media\/2025\/06\/CPI-MelchioR-2-300x169.jpg 300w, https:\/\/samediasites.blob.core.windows.net\/hotsites-wp-media\/2025\/06\/CPI-MelchioR-2-768x432.jpg 768w, https:\/\/samediasites.blob.core.windows.net\/hotsites-wp-media\/2025\/06\/CPI-MelchioR-2-1536x865.jpg 1536w, https:\/\/samediasites.blob.core.windows.net\/hotsites-wp-media\/2025\/06\/CPI-MelchioR-2-2048x1153.jpg 2048w\" sizes=\"(max-width: 1024px) 100vw, 1024px\" \/><\/figure>\n\n\n\n<figure class=\"wp-block-image size-large\"><img decoding=\"async\" width=\"1024\" height=\"577\" data-id=\"4585\" src=\"https:\/\/samediasites.blob.core.windows.net\/hotsites-wp-media\/2025\/06\/CPI-MelchioR-4-1024x577.jpg\" alt=\"\" class=\"wp-image-4585\" title=\"\" srcset=\"https:\/\/samediasites.blob.core.windows.net\/hotsites-wp-media\/2025\/06\/CPI-MelchioR-4-1024x577.jpg 1024w, https:\/\/samediasites.blob.core.windows.net\/hotsites-wp-media\/2025\/06\/CPI-MelchioR-4-300x169.jpg 300w, https:\/\/samediasites.blob.core.windows.net\/hotsites-wp-media\/2025\/06\/CPI-MelchioR-4-768x432.jpg 768w, https:\/\/samediasites.blob.core.windows.net\/hotsites-wp-media\/2025\/06\/CPI-MelchioR-4-1536x865.jpg 1536w, https:\/\/samediasites.blob.core.windows.net\/hotsites-wp-media\/2025\/06\/CPI-MelchioR-4-2048x1153.jpg 2048w\" sizes=\"(max-width: 1024px) 100vw, 1024px\" \/><\/figure>\n\n\n\n<figure class=\"wp-block-image size-large\"><img loading=\"lazy\" decoding=\"async\" width=\"900\" height=\"675\" data-id=\"4586\" src=\"https:\/\/samediasites.blob.core.windows.net\/hotsites-wp-media\/2025\/06\/imageedit_17_5944415003.jpg\" alt=\"\" class=\"wp-image-4586\" title=\"\" srcset=\"https:\/\/samediasites.blob.core.windows.net\/hotsites-wp-media\/2025\/06\/imageedit_17_5944415003.jpg 900w, https:\/\/samediasites.blob.core.windows.net\/hotsites-wp-media\/2025\/06\/imageedit_17_5944415003-300x225.jpg 300w, https:\/\/samediasites.blob.core.windows.net\/hotsites-wp-media\/2025\/06\/imageedit_17_5944415003-768x576.jpg 768w\" sizes=\"(max-width: 900px) 100vw, 900px\" \/><\/figure>\n<\/figure>\n","protected":false},"excerpt":{"rendered":"<p>Nesta quinta-feira (26\/6), a Adasa deu continuidade \u00e0 sua participa\u00e7\u00e3o no 2\u00ba ciclo de reuni\u00f5es das C\u00e2maras T\u00e9cnicas da Associa\u00e7\u00e3o Brasileira de Ag\u00eancias de Regula\u00e7\u00e3o (ABAR), que ocorre em Fortaleza (CE). Ao longo do dia, a Ag\u00eancia contribuiu com discuss\u00f5es relevantes nas \u00e1reas de media\u00e7\u00e3o de conflitos, governan\u00e7a regulat\u00f3ria e comunica\u00e7\u00e3o institucional. Pela manh\u00e3, teve [&hellip;]<\/p>\n","protected":false},"author":4,"featured_media":4581,"comment_status":"closed","ping_status":"closed","sticky":false,"template":"","format":"standard","meta":{"footnotes":""},"categories":[25],"tags":[],"class_list":["post-4580","post","type-post","status-publish","format-standard","has-post-thumbnail","hentry","category-noticia-geral"],"_links":{"self":[{"href":"https:\/\/hotsites.adasa.df.gov.br\/index.php\/wp-json\/wp\/v2\/posts\/4580","targetHints":{"allow":["GET"]}}],"collection":[{"href":"https:\/\/hotsites.adasa.df.gov.br\/index.php\/wp-json\/wp\/v2\/posts"}],"about":[{"href":"https:\/\/hotsites.adasa.df.gov.br\/index.php\/wp-json\/wp\/v2\/types\/post"}],"author":[{"embeddable":true,"href":"https:\/\/hotsites.adasa.df.gov.br\/index.php\/wp-json\/wp\/v2\/users\/4"}],"replies":[{"embeddable":true,"href":"https:\/\/hotsites.adasa.df.gov.br\/index.php\/wp-json\/wp\/v2\/comments?post=4580"}],"version-history":[{"count":1,"href":"https:\/\/hotsites.adasa.df.gov.br\/index.php\/wp-json\/wp\/v2\/posts\/4580\/revisions"}],"predecessor-version":[{"id":4587,"href":"https:\/\/hotsites.adasa.df.gov.br\/index.php\/wp-json\/wp\/v2\/posts\/4580\/revisions\/4587"}],"wp:featuredmedia":[{"embeddable":true,"href":"https:\/\/hotsites.adasa.df.gov.br\/index.php\/wp-json\/wp\/v2\/media\/4581"}],"wp:attachment":[{"href":"https:\/\/hotsites.adasa.df.gov.br\/index.php\/wp-json\/wp\/v2\/media?parent=4580"}],"wp:term":[{"taxonomy":"category","embeddable":true,"href":"https:\/\/hotsites.adasa.df.gov.br\/index.php\/wp-json\/wp\/v2\/categories?post=4580"},{"taxonomy":"post_tag","embeddable":true,"href":"https:\/\/hotsites.adasa.df.gov.br\/index.php\/wp-json\/wp\/v2\/tags?post=4580"}],"curies":[{"name":"wp","href":"https:\/\/api.w.org\/{rel}","templated":true}]}}