{"id":4577,"date":"2025-06-26T14:51:08","date_gmt":"2025-06-26T17:51:08","guid":{"rendered":"https:\/\/hotsites.adasa.df.gov.br\/?p=4577"},"modified":"2025-06-26T14:51:10","modified_gmt":"2025-06-26T17:51:10","slug":"adasa-participa-do-25o-congresso-internacional-de-qualidade-de-vida-no-trabalho","status":"publish","type":"post","link":"https:\/\/hotsites.adasa.df.gov.br\/index.php\/2025\/06\/26\/adasa-participa-do-25o-congresso-internacional-de-qualidade-de-vida-no-trabalho\/","title":{"rendered":"Adasa participa do 25\u00ba Congresso Internacional de Qualidade de Vida no Trabalho"},"content":{"rendered":"\n<figure class=\"wp-block-image aligncenter size-full\"><img fetchpriority=\"high\" decoding=\"async\" width=\"719\" height=\"450\" src=\"https:\/\/samediasites.blob.core.windows.net\/hotsites-wp-media\/2025\/06\/QVT.jpeg\" alt=\"\" class=\"wp-image-4578\" title=\"\" srcset=\"https:\/\/samediasites.blob.core.windows.net\/hotsites-wp-media\/2025\/06\/QVT.jpeg 719w, https:\/\/samediasites.blob.core.windows.net\/hotsites-wp-media\/2025\/06\/QVT-300x188.jpeg 300w\" sizes=\"(max-width: 719px) 100vw, 719px\" \/><\/figure>\n\n\n\n<p>De 24 a 26 de junho, a equipe de Qualidade de Vida no Trabalho (QVT) do Servi\u00e7o de Gest\u00e3o de Pessoas (SGP) da Adasa juntamente com a Secretaria de qualidade de vida do DF (SEQUALY) participa do 25\u00ba Congresso de Stress da ISMA-BR e 27\u00ba F\u00f3rum Internacional de Qualidade de Vida no Trabalho, realizado no Plaza S\u00e3o Rafael Hotel, em Porto Alegre (RS).&nbsp;<\/p>\n\n\n\n<p>O evento re\u00fane tamb\u00e9m o 17\u00ba Encontro Nacional de Qualidade de Vida na Seguran\u00e7a P\u00fablica e o 17\u00ba Encontro Nacional de Qualidade de Vida no Servi\u00e7o P\u00fablico.<\/p>\n\n\n\n<p>Com foco na promo\u00e7\u00e3o da sa\u00fade mental e bem-estar no ambiente de trabalho, o congresso tem abordado temas como o impacto do trabalho na sa\u00fade mental, preven\u00e7\u00e3o e tratamento do estresse e estrat\u00e9gias para promo\u00e7\u00e3o da qualidade de vida organizacional.&nbsp;<\/p>\n\n\n\n<p>A participa\u00e7\u00e3o da Adasa refor\u00e7a seu compromisso com o fortalecimento das pol\u00edticas de cuidado e valoriza\u00e7\u00e3o dos servidores, contribuindo para a constru\u00e7\u00e3o de um ambiente de trabalho mais saud\u00e1vel, equilibrado e produtivo.<\/p>\n\n\n\n<p>Assessoria de Comunica\u00e7\u00e3o Institucional (ACI)<br>(61) 3961-4972\/4909\/5084 ou&nbsp;3966-7514\/7507<br><a href=\"mailto:aci@adasa.df.gov.br\"><\/a><a href=\"mailto:aci@adasa.df.gov.br\"><\/a><a href=\"mailto:aci@adasa.df.gov.br\"><\/a><a href=\"mailto:aci@adasa.df.gov.br\"><\/a><a href=\"mailto:aci@adasa.df.gov.br\"><\/a><a href=\"mailto:aci@adasa.df.gov.br\"><\/a><a href=\"mailto:aci@adasa.df.gov.br\"><\/a><a href=\"mailto:aci@adasa.df.gov.br\"><\/a><a href=\"mailto:aci@adasa.df.gov.br\"><\/a><a href=\"mailto:aci@adasa.df.gov.br\"><\/a><a href=\"mailto:aci@adasa.df.gov.br\"><\/a><a href=\"mailto:aci@adasa.df.gov.br\"><\/a><a href=\"mailto:aci@adasa.df.gov.br\"><\/a><a href=\"mailto:aci@adasa.df.gov.br\"><\/a><a href=\"mailto:aci@adasa.df.gov.br\"><\/a><a href=\"mailto:aci@adasa.df.gov.br\"><\/a><a href=\"mailto:aci@adasa.df.gov.br\"><\/a><a href=\"mailto:aci@adasa.df.gov.br\"><\/a><a href=\"mailto:aci@adasa.df.gov.br\"><\/a><a href=\"mailto:aci@adasa.df.gov.br\"><\/a><a href=\"mailto:aci@adasa.df.gov.br\"><\/a><a href=\"mailto:aci@adasa.df.gov.br\"><\/a><a href=\"mailto:aci@adasa.df.gov.br\"><\/a><a href=\"mailto:aci@adasa.df.gov.br\"><\/a><a href=\"mailto:aci@adasa.df.gov.br\"><\/a><a href=\"mailto:aci@adasa.df.gov.br\"><\/a><a href=\"mailto:aci@adasa.df.gov.br\"><\/a><a href=\"mailto:aci@adasa.df.gov.br\"><\/a><a href=\"mailto:aci@adasa.df.gov.br\"><\/a><a href=\"mailto:aci@adasa.df.gov.br\"><\/a><a href=\"mailto:aci@adasa.df.gov.br\"><\/a><a href=\"mailto:aci@adasa.df.gov.br\"><\/a><a href=\"mailto:aci@adasa.df.gov.br\"><\/a><a href=\"mailto:aci@adasa.df.gov.br\"><\/a><a href=\"mailto:aci@adasa.df.gov.br\"><\/a><a href=\"mailto:aci@adasa.df.gov.br\"><\/a><a href=\"mailto:aci@adasa.df.gov.br\"><\/a><a href=\"mailto:aci@adasa.df.gov.br\">aci@adasa.df.gov.br<\/a><\/p>\n\n\n\n<p><\/p>\n","protected":false},"excerpt":{"rendered":"<p>De 24 a 26 de junho, a equipe de Qualidade de Vida no Trabalho (QVT) do Servi\u00e7o de Gest\u00e3o de Pessoas (SGP) da Adasa juntamente com a Secretaria de qualidade de vida do DF (SEQUALY) participa do 25\u00ba Congresso de Stress da ISMA-BR e 27\u00ba F\u00f3rum Internacional de Qualidade de Vida no Trabalho, realizado no [&hellip;]<\/p>\n","protected":false},"author":4,"featured_media":4578,"comment_status":"closed","ping_status":"closed","sticky":false,"template":"","format":"standard","meta":{"footnotes":""},"categories":[25],"tags":[],"class_list":["post-4577","post","type-post","status-publish","format-standard","has-post-thumbnail","hentry","category-noticia-geral"],"_links":{"self":[{"href":"https:\/\/hotsites.adasa.df.gov.br\/index.php\/wp-json\/wp\/v2\/posts\/4577","targetHints":{"allow":["GET"]}}],"collection":[{"href":"https:\/\/hotsites.adasa.df.gov.br\/index.php\/wp-json\/wp\/v2\/posts"}],"about":[{"href":"https:\/\/hotsites.adasa.df.gov.br\/index.php\/wp-json\/wp\/v2\/types\/post"}],"author":[{"embeddable":true,"href":"https:\/\/hotsites.adasa.df.gov.br\/index.php\/wp-json\/wp\/v2\/users\/4"}],"replies":[{"embeddable":true,"href":"https:\/\/hotsites.adasa.df.gov.br\/index.php\/wp-json\/wp\/v2\/comments?post=4577"}],"version-history":[{"count":1,"href":"https:\/\/hotsites.adasa.df.gov.br\/index.php\/wp-json\/wp\/v2\/posts\/4577\/revisions"}],"predecessor-version":[{"id":4579,"href":"https:\/\/hotsites.adasa.df.gov.br\/index.php\/wp-json\/wp\/v2\/posts\/4577\/revisions\/4579"}],"wp:featuredmedia":[{"embeddable":true,"href":"https:\/\/hotsites.adasa.df.gov.br\/index.php\/wp-json\/wp\/v2\/media\/4578"}],"wp:attachment":[{"href":"https:\/\/hotsites.adasa.df.gov.br\/index.php\/wp-json\/wp\/v2\/media?parent=4577"}],"wp:term":[{"taxonomy":"category","embeddable":true,"href":"https:\/\/hotsites.adasa.df.gov.br\/index.php\/wp-json\/wp\/v2\/categories?post=4577"},{"taxonomy":"post_tag","embeddable":true,"href":"https:\/\/hotsites.adasa.df.gov.br\/index.php\/wp-json\/wp\/v2\/tags?post=4577"}],"curies":[{"name":"wp","href":"https:\/\/api.w.org\/{rel}","templated":true}]}}