{"id":4553,"date":"2025-06-23T10:43:28","date_gmt":"2025-06-23T13:43:28","guid":{"rendered":"https:\/\/hotsites.adasa.df.gov.br\/?p=4553"},"modified":"2025-06-23T10:44:03","modified_gmt":"2025-06-23T13:44:03","slug":"adasa-promove-reuniao-com-comites-de-bacias-hidrograficas-para-discutir-ajustes-na-tfu-e-cbrh","status":"publish","type":"post","link":"https:\/\/hotsites.adasa.df.gov.br\/index.php\/2025\/06\/23\/adasa-promove-reuniao-com-comites-de-bacias-hidrograficas-para-discutir-ajustes-na-tfu-e-cbrh\/","title":{"rendered":"Adasa promove reuni\u00e3o com Comit\u00eas de Bacias Hidrogr\u00e1ficas para discutir ajustes na TFU e CBRH"},"content":{"rendered":"\n<figure class=\"wp-block-image aligncenter size-full\"><img fetchpriority=\"high\" decoding=\"async\" width=\"998\" height=\"749\" src=\"https:\/\/samediasites.blob.core.windows.net\/hotsites-wp-media\/2025\/06\/CAPA-Reuniao-CBHs.jpeg\" alt=\"\" class=\"wp-image-4554\" title=\"\" srcset=\"https:\/\/samediasites.blob.core.windows.net\/hotsites-wp-media\/2025\/06\/CAPA-Reuniao-CBHs.jpeg 998w, https:\/\/samediasites.blob.core.windows.net\/hotsites-wp-media\/2025\/06\/CAPA-Reuniao-CBHs-300x225.jpeg 300w, https:\/\/samediasites.blob.core.windows.net\/hotsites-wp-media\/2025\/06\/CAPA-Reuniao-CBHs-768x576.jpeg 768w\" sizes=\"(max-width: 998px) 100vw, 998px\" \/><\/figure>\n\n\n\n<p>A Ag\u00eancia Reguladora de \u00c1guas, Energia e Saneamento B\u00e1sico do Distrito Federal (Adasa) recebeu, nesta quarta-feira (18\/6), representantes dos Comit\u00eas de Bacias Hidrogr\u00e1ficas do Distrito Federal (CBH-DF) para uma reuni\u00e3o em sua sede. O encontro teve como pauta principal a discuss\u00e3o de poss\u00edveis ajustes na Taxa de Fiscaliza\u00e7\u00e3o de Usos de Recursos H\u00eddricos (TFU) e na Cobran\u00e7a pelo Uso de Recursos H\u00eddricos (CBRH), mecanismos fundamentais para a gest\u00e3o eficiente e sustent\u00e1vel dos recursos h\u00eddricos no DF.&nbsp;<\/p>\n\n\n\n<p>Conduzida pelo diretor-presidente da Adasa, Raimundo Ribeiro, a reuni\u00e3o buscou ampliar o di\u00e1logo com os representantes dos comit\u00eas e promover maior alinhamento t\u00e9cnico e institucional. \u201cCabe a n\u00f3s identificar as d\u00favidas que ainda persistem e os argumentos que precisam ser analisados, sempre com o objetivo de oferecer o melhor servi\u00e7o ao nosso ponto em comum: o cidad\u00e3o\u201d, destacou Ribeiro.&nbsp;<\/p>\n\n\n\n<p>Com o apoio dos superintendentes presentes, a Adasa apresentou an\u00e1lises estrat\u00e9gicas e propostas t\u00e9cnicas voltadas \u00e0 melhoria dos sistemas de cobran\u00e7a, com foco na concilia\u00e7\u00e3o entre efici\u00eancia regulat\u00f3ria, justi\u00e7a tarif\u00e1ria e sustentabilidade no uso dos recursos h\u00eddricos.&nbsp;<\/p>\n\n\n\n<p>O encontro refor\u00e7a o compromisso da Adasa em garantir a seguran\u00e7a h\u00eddrica do Distrito Federal, promovendo a coopera\u00e7\u00e3o entre as institui\u00e7\u00f5es e a busca por solu\u00e7\u00f5es conjuntas, especialmente no setor de recursos h\u00eddricos.&nbsp;<\/p>\n\n\n\n<p>Al\u00e9m do diretor-presidente, a reuni\u00e3o tamb\u00e9m contou com a presen\u00e7a do diretor Felix Palazzo, do assessor Israel Pinheiro, dos superintendentes Gustavo Carneiro (Recursos H\u00eddricos), C\u00e1ssio Cossenzo (Estudos Econ\u00f4micos e Fiscaliza\u00e7\u00e3o Financeira) e Wendel Lopes (Planejamento e Programas Especiais), al\u00e9m do chefe do Servi\u00e7o de Tecnologia da Informa\u00e7\u00e3o e Comunica\u00e7\u00e3o (STI), Geraldo Barcelos, e do regulador Cl\u00e9sio Ara\u00fajo.<\/p>\n\n\n\n<figure class=\"wp-block-gallery has-nested-images columns-default is-cropped wp-block-gallery-1 is-layout-flex wp-block-gallery-is-layout-flex\">\n<figure class=\"wp-block-image size-large\"><img decoding=\"async\" width=\"968\" height=\"726\" data-id=\"4555\" src=\"https:\/\/samediasites.blob.core.windows.net\/hotsites-wp-media\/2025\/06\/Reuniao-CBHs-1.jpeg\" alt=\"\" class=\"wp-image-4555\" title=\"\" srcset=\"https:\/\/samediasites.blob.core.windows.net\/hotsites-wp-media\/2025\/06\/Reuniao-CBHs-1.jpeg 968w, https:\/\/samediasites.blob.core.windows.net\/hotsites-wp-media\/2025\/06\/Reuniao-CBHs-1-300x225.jpeg 300w, https:\/\/samediasites.blob.core.windows.net\/hotsites-wp-media\/2025\/06\/Reuniao-CBHs-1-768x576.jpeg 768w\" sizes=\"(max-width: 968px) 100vw, 968px\" \/><\/figure>\n\n\n\n<figure class=\"wp-block-image size-large\"><img decoding=\"async\" width=\"998\" height=\"749\" data-id=\"4556\" src=\"https:\/\/samediasites.blob.core.windows.net\/hotsites-wp-media\/2025\/06\/Reuniao-CBHs-4.jpeg\" alt=\"\" class=\"wp-image-4556\" title=\"\" srcset=\"https:\/\/samediasites.blob.core.windows.net\/hotsites-wp-media\/2025\/06\/Reuniao-CBHs-4.jpeg 998w, https:\/\/samediasites.blob.core.windows.net\/hotsites-wp-media\/2025\/06\/Reuniao-CBHs-4-300x225.jpeg 300w, https:\/\/samediasites.blob.core.windows.net\/hotsites-wp-media\/2025\/06\/Reuniao-CBHs-4-768x576.jpeg 768w\" sizes=\"(max-width: 998px) 100vw, 998px\" \/><\/figure>\n\n\n\n<figure class=\"wp-block-image size-large\"><img loading=\"lazy\" decoding=\"async\" width=\"968\" height=\"726\" data-id=\"4557\" src=\"https:\/\/samediasites.blob.core.windows.net\/hotsites-wp-media\/2025\/06\/Reuniao-CBHs-3.jpeg\" alt=\"\" class=\"wp-image-4557\" title=\"\" srcset=\"https:\/\/samediasites.blob.core.windows.net\/hotsites-wp-media\/2025\/06\/Reuniao-CBHs-3.jpeg 968w, https:\/\/samediasites.blob.core.windows.net\/hotsites-wp-media\/2025\/06\/Reuniao-CBHs-3-300x225.jpeg 300w, https:\/\/samediasites.blob.core.windows.net\/hotsites-wp-media\/2025\/06\/Reuniao-CBHs-3-768x576.jpeg 768w\" sizes=\"(max-width: 968px) 100vw, 968px\" \/><\/figure>\n\n\n\n<figure class=\"wp-block-image size-large\"><img loading=\"lazy\" decoding=\"async\" width=\"968\" height=\"726\" data-id=\"4558\" src=\"https:\/\/samediasites.blob.core.windows.net\/hotsites-wp-media\/2025\/06\/Reuniao-CBHs-5.jpeg\" alt=\"\" class=\"wp-image-4558\" title=\"\" srcset=\"https:\/\/samediasites.blob.core.windows.net\/hotsites-wp-media\/2025\/06\/Reuniao-CBHs-5.jpeg 968w, https:\/\/samediasites.blob.core.windows.net\/hotsites-wp-media\/2025\/06\/Reuniao-CBHs-5-300x225.jpeg 300w, https:\/\/samediasites.blob.core.windows.net\/hotsites-wp-media\/2025\/06\/Reuniao-CBHs-5-768x576.jpeg 768w\" sizes=\"(max-width: 968px) 100vw, 968px\" \/><\/figure>\n<\/figure>\n\n\n\n<p>Assessoria de Comunica\u00e7\u00e3o Institucional (ACI)<br>(61) 3961-4972\/4909\/5084 ou\u00a03966-7514\/7507<br><a href=\"mailto:aci@adasa.df.gov.br\"><\/a><a href=\"mailto:aci@adasa.df.gov.br\"><\/a><a href=\"mailto:aci@adasa.df.gov.br\"><\/a><a href=\"mailto:aci@adasa.df.gov.br\"><\/a><a href=\"mailto:aci@adasa.df.gov.br\"><\/a><a href=\"mailto:aci@adasa.df.gov.br\"><\/a><a href=\"mailto:aci@adasa.df.gov.br\"><\/a><a href=\"mailto:aci@adasa.df.gov.br\"><\/a><a href=\"mailto:aci@adasa.df.gov.br\"><\/a><a href=\"mailto:aci@adasa.df.gov.br\"><\/a><a href=\"mailto:aci@adasa.df.gov.br\"><\/a><a href=\"mailto:aci@adasa.df.gov.br\"><\/a><a href=\"mailto:aci@adasa.df.gov.br\"><\/a><a href=\"mailto:aci@adasa.df.gov.br\"><\/a><a href=\"mailto:aci@adasa.df.gov.br\"><\/a><a href=\"mailto:aci@adasa.df.gov.br\"><\/a><a href=\"mailto:aci@adasa.df.gov.br\"><\/a><a href=\"mailto:aci@adasa.df.gov.br\"><\/a><a href=\"mailto:aci@adasa.df.gov.br\"><\/a><a href=\"mailto:aci@adasa.df.gov.br\"><\/a><a href=\"mailto:aci@adasa.df.gov.br\"><\/a><a href=\"mailto:aci@adasa.df.gov.br\"><\/a><a href=\"mailto:aci@adasa.df.gov.br\"><\/a><a href=\"mailto:aci@adasa.df.gov.br\"><\/a><a href=\"mailto:aci@adasa.df.gov.br\"><\/a><a href=\"mailto:aci@adasa.df.gov.br\"><\/a><a href=\"mailto:aci@adasa.df.gov.br\"><\/a><a href=\"mailto:aci@adasa.df.gov.br\"><\/a><a href=\"mailto:aci@adasa.df.gov.br\"><\/a><a href=\"mailto:aci@adasa.df.gov.br\"><\/a><a href=\"mailto:aci@adasa.df.gov.br\"><\/a><a href=\"mailto:aci@adasa.df.gov.br\"><\/a><a href=\"mailto:aci@adasa.df.gov.br\"><\/a><a href=\"mailto:aci@adasa.df.gov.br\"><\/a><a href=\"mailto:aci@adasa.df.gov.br\"><\/a><a href=\"mailto:aci@adasa.df.gov.br\"><\/a><a href=\"mailto:aci@adasa.df.gov.br\">aci@adasa.df.gov.br<\/a><\/p>\n\n\n\n<p><\/p>\n","protected":false},"excerpt":{"rendered":"<p>A Ag\u00eancia Reguladora de \u00c1guas, Energia e Saneamento B\u00e1sico do Distrito Federal (Adasa) recebeu, nesta quarta-feira (18\/6), representantes dos Comit\u00eas de Bacias Hidrogr\u00e1ficas do Distrito Federal (CBH-DF) para uma reuni\u00e3o em sua sede. O encontro teve como pauta principal a discuss\u00e3o de poss\u00edveis ajustes na Taxa de Fiscaliza\u00e7\u00e3o de Usos de Recursos H\u00eddricos (TFU) e [&hellip;]<\/p>\n","protected":false},"author":4,"featured_media":4554,"comment_status":"closed","ping_status":"closed","sticky":false,"template":"","format":"standard","meta":{"footnotes":""},"categories":[25],"tags":[],"class_list":["post-4553","post","type-post","status-publish","format-standard","has-post-thumbnail","hentry","category-noticia-geral"],"_links":{"self":[{"href":"https:\/\/hotsites.adasa.df.gov.br\/index.php\/wp-json\/wp\/v2\/posts\/4553","targetHints":{"allow":["GET"]}}],"collection":[{"href":"https:\/\/hotsites.adasa.df.gov.br\/index.php\/wp-json\/wp\/v2\/posts"}],"about":[{"href":"https:\/\/hotsites.adasa.df.gov.br\/index.php\/wp-json\/wp\/v2\/types\/post"}],"author":[{"embeddable":true,"href":"https:\/\/hotsites.adasa.df.gov.br\/index.php\/wp-json\/wp\/v2\/users\/4"}],"replies":[{"embeddable":true,"href":"https:\/\/hotsites.adasa.df.gov.br\/index.php\/wp-json\/wp\/v2\/comments?post=4553"}],"version-history":[{"count":1,"href":"https:\/\/hotsites.adasa.df.gov.br\/index.php\/wp-json\/wp\/v2\/posts\/4553\/revisions"}],"predecessor-version":[{"id":4559,"href":"https:\/\/hotsites.adasa.df.gov.br\/index.php\/wp-json\/wp\/v2\/posts\/4553\/revisions\/4559"}],"wp:featuredmedia":[{"embeddable":true,"href":"https:\/\/hotsites.adasa.df.gov.br\/index.php\/wp-json\/wp\/v2\/media\/4554"}],"wp:attachment":[{"href":"https:\/\/hotsites.adasa.df.gov.br\/index.php\/wp-json\/wp\/v2\/media?parent=4553"}],"wp:term":[{"taxonomy":"category","embeddable":true,"href":"https:\/\/hotsites.adasa.df.gov.br\/index.php\/wp-json\/wp\/v2\/categories?post=4553"},{"taxonomy":"post_tag","embeddable":true,"href":"https:\/\/hotsites.adasa.df.gov.br\/index.php\/wp-json\/wp\/v2\/tags?post=4553"}],"curies":[{"name":"wp","href":"https:\/\/api.w.org\/{rel}","templated":true}]}}