{"id":4549,"date":"2025-06-18T15:42:59","date_gmt":"2025-06-18T18:42:59","guid":{"rendered":"https:\/\/hotsites.adasa.df.gov.br\/?p=4549"},"modified":"2025-06-18T15:43:01","modified_gmt":"2025-06-18T18:43:01","slug":"campanha-da-adasa-usa-humor-e-samba-para-falar-serio-sobre-o-uso-da-agua","status":"publish","type":"post","link":"https:\/\/hotsites.adasa.df.gov.br\/index.php\/2025\/06\/18\/campanha-da-adasa-usa-humor-e-samba-para-falar-serio-sobre-o-uso-da-agua\/","title":{"rendered":"Campanha da Adasa usa humor e samba para falar s\u00e9rio sobre o uso da \u00e1gua"},"content":{"rendered":"\n<figure class=\"wp-block-image aligncenter size-full\"><img fetchpriority=\"high\" decoding=\"async\" width=\"900\" height=\"457\" src=\"https:\/\/samediasites.blob.core.windows.net\/hotsites-wp-media\/2025\/06\/imageedit_16_9974597519.jpg\" alt=\"\" class=\"wp-image-4550\" title=\"\" srcset=\"https:\/\/samediasites.blob.core.windows.net\/hotsites-wp-media\/2025\/06\/imageedit_16_9974597519.jpg 900w, https:\/\/samediasites.blob.core.windows.net\/hotsites-wp-media\/2025\/06\/imageedit_16_9974597519-300x152.jpg 300w, https:\/\/samediasites.blob.core.windows.net\/hotsites-wp-media\/2025\/06\/imageedit_16_9974597519-768x390.jpg 768w\" sizes=\"(max-width: 900px) 100vw, 900px\" \/><\/figure>\n\n\n\n<p>A nova campanha de conscientiza\u00e7\u00e3o da Adasa para o per\u00edodo de estiagem adota uma abordagem criativa e bem-humorada. Protagonizada pela dupla Got\u00e3o e Vacil\u00e3o, a iniciativa utiliza situa\u00e7\u00f5es cotidianas para incentivar a reflex\u00e3o sobre o uso respons\u00e1vel da \u00e1gua e estimular mudan\u00e7as de h\u00e1bitos \u2014 essenciais para a manuten\u00e7\u00e3o da seguran\u00e7a h\u00eddrica no Distrito Federal.<\/p>\n\n\n\n<p>A proposta \u00e9 que os personagens, de forma leve e acess\u00edvel, ilustrem a import\u00e2ncia das pequenas a\u00e7\u00f5es individuais e esclare\u00e7am d\u00favidas da popula\u00e7\u00e3o por meio das redes sociais do \u00f3rg\u00e3o.<\/p>\n\n\n\n<p>\u201c\u00c1gua: quando um desperdi\u00e7a, todos podem ficar sem\u201d \u00e9 o mote da a\u00e7\u00e3o e a mensagem que Got\u00e3o busca transmitir nas pe\u00e7as publicit\u00e1rias e na can\u00e7\u00e3o, inspirada em rodas de samba, criada para chamar a aten\u00e7\u00e3o do Vacil\u00e3o e conquistar o p\u00fablico.<\/p>\n\n\n\n<p>Para marcar o encerramento da iniciativa, em agosto, est\u00e3o previstas atividades interativas com o personagem Got\u00e3o, refor\u00e7ando o car\u00e1ter educativo da proposta. A campanha pode ser acompanhada tanto na m\u00eddia tradicional quanto em canais digitais.<\/p>\n\n\n\n<p><strong>O Samba da \u00c1gua e do Vacil\u00e3o<\/strong><\/p>\n\n\n\n<p>Essa m\u00fasica \u00e9 sobre um cara muito desatento,<\/p>\n\n\n\n<p>Bem na estiagem, faz tudo errado, que sofrimento!<\/p>\n\n\n\n<p>\u00d4 Vacil\u00e3o, esqueceu a torneira aberta, meu irm\u00e3o.<\/p>\n\n\n\n<p>Ia escovar os dentes e desperdi\u00e7ar um mont\u00e3o.<\/p>\n\n\n\n<p>Foi lavar o carro sem o balde na m\u00e3o,<\/p>\n\n\n\n<p>Deixou a mangueira aberta, que maldade, cidad\u00e3o!<\/p>\n\n\n\n<p>\u00d4 Vacil\u00e3o, jogou \u00e1gua pra varrer o ch\u00e3o,<\/p>\n\n\n\n<p>Nem pensou que pode faltar \u00e1gua de mont\u00e3o.<\/p>\n\n\n\n<p>Na hora do banho demorou,<\/p>\n\n\n\n<p>Foi cantar, foi dar um show.<\/p>\n\n\n\n<p>Mas sua atitude \u00e9 muito feia,<\/p>\n\n\n\n<p>\u00c9 pura falta de civilidade,<\/p>\n\n\n\n<p>Vacilo com a comunidade.<\/p>\n\n\n\n<p>Merece a vaia da cidade inteira!<\/p>\n\n\n\n<p>\u00daltimo Refr\u00e3o (com varia\u00e7\u00e3o):<\/p>\n\n\n\n<p>\u00d4 Vacil\u00e3o, agora escuta essa li\u00e7\u00e3o:<\/p>\n\n\n\n<p>Economiza \u00e1gua, muda a dire\u00e7\u00e3o!<\/p>\n\n\n\n<p>Fecha a torneira, encurta esse banhozinho,<\/p>\n\n\n\n<p>E vamos preservar a \u00e1gua do nosso quadradinho!<\/p>\n\n\n\n<p>\u00c1gua. Quando um desperdi\u00e7a, todos podem ficar sem.<\/p>\n\n\n\n<p>Uma campanha Adasa pelo uso respons\u00e1vel da \u00e1gua.<\/p>\n\n\n\n<figure class=\"wp-block-image size-full\"><img decoding=\"async\" width=\"702\" height=\"878\" src=\"https:\/\/samediasites.blob.core.windows.net\/hotsites-wp-media\/2025\/06\/Imagem-interna.png\" alt=\"\" class=\"wp-image-4551\" title=\"\" srcset=\"https:\/\/samediasites.blob.core.windows.net\/hotsites-wp-media\/2025\/06\/Imagem-interna.png 702w, https:\/\/samediasites.blob.core.windows.net\/hotsites-wp-media\/2025\/06\/Imagem-interna-240x300.png 240w\" sizes=\"(max-width: 702px) 100vw, 702px\" \/><\/figure>\n\n\n\n<p>Assessoria de Comunica\u00e7\u00e3o Institucional (ACI)<br>(61) 3961-4972\/4909\/5084 ou&nbsp;3966-7514\/7507<br><a href=\"mailto:aci@adasa.df.gov.br\"><\/a><a href=\"mailto:aci@adasa.df.gov.br\"><\/a><a href=\"mailto:aci@adasa.df.gov.br\"><\/a><a href=\"mailto:aci@adasa.df.gov.br\"><\/a><a href=\"mailto:aci@adasa.df.gov.br\"><\/a><a href=\"mailto:aci@adasa.df.gov.br\"><\/a><a href=\"mailto:aci@adasa.df.gov.br\"><\/a><a href=\"mailto:aci@adasa.df.gov.br\"><\/a><a href=\"mailto:aci@adasa.df.gov.br\"><\/a><a href=\"mailto:aci@adasa.df.gov.br\"><\/a><a href=\"mailto:aci@adasa.df.gov.br\"><\/a><a href=\"mailto:aci@adasa.df.gov.br\"><\/a><a href=\"mailto:aci@adasa.df.gov.br\"><\/a><a href=\"mailto:aci@adasa.df.gov.br\"><\/a><a href=\"mailto:aci@adasa.df.gov.br\"><\/a><a href=\"mailto:aci@adasa.df.gov.br\"><\/a><a href=\"mailto:aci@adasa.df.gov.br\"><\/a><a href=\"mailto:aci@adasa.df.gov.br\"><\/a><a href=\"mailto:aci@adasa.df.gov.br\"><\/a><a href=\"mailto:aci@adasa.df.gov.br\"><\/a><a href=\"mailto:aci@adasa.df.gov.br\"><\/a><a href=\"mailto:aci@adasa.df.gov.br\"><\/a><a href=\"mailto:aci@adasa.df.gov.br\"><\/a><a href=\"mailto:aci@adasa.df.gov.br\"><\/a><a href=\"mailto:aci@adasa.df.gov.br\"><\/a><a href=\"mailto:aci@adasa.df.gov.br\"><\/a><a href=\"mailto:aci@adasa.df.gov.br\"><\/a><a href=\"mailto:aci@adasa.df.gov.br\"><\/a><a href=\"mailto:aci@adasa.df.gov.br\"><\/a><a href=\"mailto:aci@adasa.df.gov.br\"><\/a><a href=\"mailto:aci@adasa.df.gov.br\"><\/a><a href=\"mailto:aci@adasa.df.gov.br\"><\/a><a href=\"mailto:aci@adasa.df.gov.br\"><\/a><a href=\"mailto:aci@adasa.df.gov.br\"><\/a><a href=\"mailto:aci@adasa.df.gov.br\"><\/a><a href=\"mailto:aci@adasa.df.gov.br\"><\/a><a href=\"mailto:aci@adasa.df.gov.br\">aci@adasa.df.gov.br<\/a><\/p>\n","protected":false},"excerpt":{"rendered":"<p>A nova campanha de conscientiza\u00e7\u00e3o da Adasa para o per\u00edodo de estiagem adota uma abordagem criativa e bem-humorada. Protagonizada pela dupla Got\u00e3o e Vacil\u00e3o, a iniciativa utiliza situa\u00e7\u00f5es cotidianas para incentivar a reflex\u00e3o sobre o uso respons\u00e1vel da \u00e1gua e estimular mudan\u00e7as de h\u00e1bitos \u2014 essenciais para a manuten\u00e7\u00e3o da seguran\u00e7a h\u00eddrica no Distrito Federal. [&hellip;]<\/p>\n","protected":false},"author":4,"featured_media":4550,"comment_status":"closed","ping_status":"closed","sticky":false,"template":"","format":"standard","meta":{"footnotes":""},"categories":[25],"tags":[],"class_list":["post-4549","post","type-post","status-publish","format-standard","has-post-thumbnail","hentry","category-noticia-geral"],"_links":{"self":[{"href":"https:\/\/hotsites.adasa.df.gov.br\/index.php\/wp-json\/wp\/v2\/posts\/4549","targetHints":{"allow":["GET"]}}],"collection":[{"href":"https:\/\/hotsites.adasa.df.gov.br\/index.php\/wp-json\/wp\/v2\/posts"}],"about":[{"href":"https:\/\/hotsites.adasa.df.gov.br\/index.php\/wp-json\/wp\/v2\/types\/post"}],"author":[{"embeddable":true,"href":"https:\/\/hotsites.adasa.df.gov.br\/index.php\/wp-json\/wp\/v2\/users\/4"}],"replies":[{"embeddable":true,"href":"https:\/\/hotsites.adasa.df.gov.br\/index.php\/wp-json\/wp\/v2\/comments?post=4549"}],"version-history":[{"count":1,"href":"https:\/\/hotsites.adasa.df.gov.br\/index.php\/wp-json\/wp\/v2\/posts\/4549\/revisions"}],"predecessor-version":[{"id":4552,"href":"https:\/\/hotsites.adasa.df.gov.br\/index.php\/wp-json\/wp\/v2\/posts\/4549\/revisions\/4552"}],"wp:featuredmedia":[{"embeddable":true,"href":"https:\/\/hotsites.adasa.df.gov.br\/index.php\/wp-json\/wp\/v2\/media\/4550"}],"wp:attachment":[{"href":"https:\/\/hotsites.adasa.df.gov.br\/index.php\/wp-json\/wp\/v2\/media?parent=4549"}],"wp:term":[{"taxonomy":"category","embeddable":true,"href":"https:\/\/hotsites.adasa.df.gov.br\/index.php\/wp-json\/wp\/v2\/categories?post=4549"},{"taxonomy":"post_tag","embeddable":true,"href":"https:\/\/hotsites.adasa.df.gov.br\/index.php\/wp-json\/wp\/v2\/tags?post=4549"}],"curies":[{"name":"wp","href":"https:\/\/api.w.org\/{rel}","templated":true}]}}