{"id":4542,"date":"2025-06-18T11:47:23","date_gmt":"2025-06-18T14:47:23","guid":{"rendered":"https:\/\/hotsites.adasa.df.gov.br\/?p=4542"},"modified":"2025-06-18T11:47:25","modified_gmt":"2025-06-18T14:47:25","slug":"projeto-mina-e-reconhecido-internacionalmente-em-cerimonia-da-unesco","status":"publish","type":"post","link":"https:\/\/hotsites.adasa.df.gov.br\/index.php\/2025\/06\/18\/projeto-mina-e-reconhecido-internacionalmente-em-cerimonia-da-unesco\/","title":{"rendered":"Projeto MINA \u00e9 reconhecido internacionalmente em cerim\u00f4nia da UNESCO\u00a0"},"content":{"rendered":"\n<figure class=\"wp-block-image aligncenter size-large\"><img fetchpriority=\"high\" decoding=\"async\" width=\"1024\" height=\"576\" src=\"https:\/\/samediasites.blob.core.windows.net\/hotsites-wp-media\/2025\/06\/WhatsApp_Image_2025-06-13_at_17.18.24-1024x576.jpeg\" alt=\"\" class=\"wp-image-4543\" title=\"\" srcset=\"https:\/\/samediasites.blob.core.windows.net\/hotsites-wp-media\/2025\/06\/WhatsApp_Image_2025-06-13_at_17.18.24-1024x576.jpeg 1024w, https:\/\/samediasites.blob.core.windows.net\/hotsites-wp-media\/2025\/06\/WhatsApp_Image_2025-06-13_at_17.18.24-300x169.jpeg 300w, https:\/\/samediasites.blob.core.windows.net\/hotsites-wp-media\/2025\/06\/WhatsApp_Image_2025-06-13_at_17.18.24-768x432.jpeg 768w, https:\/\/samediasites.blob.core.windows.net\/hotsites-wp-media\/2025\/06\/WhatsApp_Image_2025-06-13_at_17.18.24-1536x864.jpeg 1536w, https:\/\/samediasites.blob.core.windows.net\/hotsites-wp-media\/2025\/06\/WhatsApp_Image_2025-06-13_at_17.18.24.jpeg 1600w\" sizes=\"(max-width: 1024px) 100vw, 1024px\" \/><\/figure>\n\n\n\n<p>O Projeto Memorial Internacional da \u00c1gua (MINA), desenvolvido pela Adasa para a promo\u00e7\u00e3o da troca de experi\u00eancias entre pa\u00edses, sobre recursos h\u00eddricos, e a educa\u00e7\u00e3o ambiental no Distrito Federal, foi o \u00fanico projeto a receber destaque na cerim\u00f4nia de comemora\u00e7\u00e3o dos 50 anos do Programa Hidrol\u00f3gico Intergovernamental (IHP) da UNESCO, realizada na \u00faltima quarta-feira (11), em Paris. A apresenta\u00e7\u00e3o do projeto cativou os participantes e recebeu rea\u00e7\u00f5es altamente positivas de representantes de diversos pa\u00edses, que o reconheceram como um modelo de compartilhamento colaborativo de conhecimento e fortalecimento da coopera\u00e7\u00e3o internacional na gest\u00e3o sustent\u00e1vel dos recursos h\u00eddricos. Segundo o conselheiro da UNESCO, S\u00e9rgio Benevides, a repercuss\u00e3o entre os ministros das delega\u00e7\u00f5es presentes foi extremamente favor\u00e1vel, evidenciando o potencial do MINA para se tornar uma refer\u00eancia internacional na preserva\u00e7\u00e3o da \u00e1gua. A iniciativa tamb\u00e9m recebeu destaque em ve\u00edculos de comunica\u00e7\u00e3o como o portal de not\u00edcias UOL e a R\u00e1dio Fran\u00e7a Internacional (RFI), refor\u00e7ando seu protagonismo no cen\u00e1rio global.<\/p>\n\n\n\n<p>Assessoria de Comunica\u00e7\u00e3o Institucional (ACI)<br>(61) 3961-4972\/4909\/5084 ou&nbsp;3966-7514\/7507<br><a href=\"mailto:aci@adasa.df.gov.br\"><\/a><a href=\"mailto:aci@adasa.df.gov.br\"><\/a><a href=\"mailto:aci@adasa.df.gov.br\"><\/a><a href=\"mailto:aci@adasa.df.gov.br\"><\/a><a href=\"mailto:aci@adasa.df.gov.br\"><\/a><a href=\"mailto:aci@adasa.df.gov.br\"><\/a><a href=\"mailto:aci@adasa.df.gov.br\"><\/a><a href=\"mailto:aci@adasa.df.gov.br\"><\/a><a href=\"mailto:aci@adasa.df.gov.br\"><\/a><a href=\"mailto:aci@adasa.df.gov.br\"><\/a><a href=\"mailto:aci@adasa.df.gov.br\"><\/a><a href=\"mailto:aci@adasa.df.gov.br\"><\/a><a href=\"mailto:aci@adasa.df.gov.br\"><\/a><a href=\"mailto:aci@adasa.df.gov.br\"><\/a><a href=\"mailto:aci@adasa.df.gov.br\"><\/a><a href=\"mailto:aci@adasa.df.gov.br\"><\/a><a href=\"mailto:aci@adasa.df.gov.br\"><\/a><a href=\"mailto:aci@adasa.df.gov.br\"><\/a><a href=\"mailto:aci@adasa.df.gov.br\"><\/a><a href=\"mailto:aci@adasa.df.gov.br\"><\/a><a href=\"mailto:aci@adasa.df.gov.br\"><\/a><a href=\"mailto:aci@adasa.df.gov.br\"><\/a><a href=\"mailto:aci@adasa.df.gov.br\"><\/a><a href=\"mailto:aci@adasa.df.gov.br\"><\/a><a href=\"mailto:aci@adasa.df.gov.br\"><\/a><a href=\"mailto:aci@adasa.df.gov.br\"><\/a><a href=\"mailto:aci@adasa.df.gov.br\"><\/a><a href=\"mailto:aci@adasa.df.gov.br\"><\/a><a href=\"mailto:aci@adasa.df.gov.br\"><\/a><a href=\"mailto:aci@adasa.df.gov.br\"><\/a><a href=\"mailto:aci@adasa.df.gov.br\"><\/a><a href=\"mailto:aci@adasa.df.gov.br\"><\/a><a href=\"mailto:aci@adasa.df.gov.br\"><\/a><a href=\"mailto:aci@adasa.df.gov.br\"><\/a><a href=\"mailto:aci@adasa.df.gov.br\"><\/a><a href=\"mailto:aci@adasa.df.gov.br\">aci@adasa.df.gov.br<\/a><\/p>\n\n\n\n<p><\/p>\n","protected":false},"excerpt":{"rendered":"<p>O Projeto Memorial Internacional da \u00c1gua (MINA), desenvolvido pela Adasa para a promo\u00e7\u00e3o da troca de experi\u00eancias entre pa\u00edses, sobre recursos h\u00eddricos, e a educa\u00e7\u00e3o ambiental no Distrito Federal, foi o \u00fanico projeto a receber destaque na cerim\u00f4nia de comemora\u00e7\u00e3o dos 50 anos do Programa Hidrol\u00f3gico Intergovernamental (IHP) da UNESCO, realizada na \u00faltima quarta-feira (11), [&hellip;]<\/p>\n","protected":false},"author":4,"featured_media":4543,"comment_status":"closed","ping_status":"closed","sticky":false,"template":"","format":"standard","meta":{"footnotes":""},"categories":[25],"tags":[],"class_list":["post-4542","post","type-post","status-publish","format-standard","has-post-thumbnail","hentry","category-noticia-geral"],"_links":{"self":[{"href":"https:\/\/hotsites.adasa.df.gov.br\/index.php\/wp-json\/wp\/v2\/posts\/4542","targetHints":{"allow":["GET"]}}],"collection":[{"href":"https:\/\/hotsites.adasa.df.gov.br\/index.php\/wp-json\/wp\/v2\/posts"}],"about":[{"href":"https:\/\/hotsites.adasa.df.gov.br\/index.php\/wp-json\/wp\/v2\/types\/post"}],"author":[{"embeddable":true,"href":"https:\/\/hotsites.adasa.df.gov.br\/index.php\/wp-json\/wp\/v2\/users\/4"}],"replies":[{"embeddable":true,"href":"https:\/\/hotsites.adasa.df.gov.br\/index.php\/wp-json\/wp\/v2\/comments?post=4542"}],"version-history":[{"count":1,"href":"https:\/\/hotsites.adasa.df.gov.br\/index.php\/wp-json\/wp\/v2\/posts\/4542\/revisions"}],"predecessor-version":[{"id":4544,"href":"https:\/\/hotsites.adasa.df.gov.br\/index.php\/wp-json\/wp\/v2\/posts\/4542\/revisions\/4544"}],"wp:featuredmedia":[{"embeddable":true,"href":"https:\/\/hotsites.adasa.df.gov.br\/index.php\/wp-json\/wp\/v2\/media\/4543"}],"wp:attachment":[{"href":"https:\/\/hotsites.adasa.df.gov.br\/index.php\/wp-json\/wp\/v2\/media?parent=4542"}],"wp:term":[{"taxonomy":"category","embeddable":true,"href":"https:\/\/hotsites.adasa.df.gov.br\/index.php\/wp-json\/wp\/v2\/categories?post=4542"},{"taxonomy":"post_tag","embeddable":true,"href":"https:\/\/hotsites.adasa.df.gov.br\/index.php\/wp-json\/wp\/v2\/tags?post=4542"}],"curies":[{"name":"wp","href":"https:\/\/api.w.org\/{rel}","templated":true}]}}