{"id":4501,"date":"2025-06-13T10:19:24","date_gmt":"2025-06-13T13:19:24","guid":{"rendered":"https:\/\/hotsites.adasa.df.gov.br\/?p=4501"},"modified":"2025-06-13T10:24:30","modified_gmt":"2025-06-13T13:24:30","slug":"adasa-apresenta-projeto-mina-em-evento-na-sede-da-unesco-em-paris","status":"publish","type":"post","link":"https:\/\/hotsites.adasa.df.gov.br\/index.php\/2025\/06\/13\/adasa-apresenta-projeto-mina-em-evento-na-sede-da-unesco-em-paris\/","title":{"rendered":"Adasa apresenta Projeto MINA em evento na sede da UNESCO em Paris\u00a0"},"content":{"rendered":"\n<figure class=\"wp-block-image aligncenter size-large\"><img fetchpriority=\"high\" decoding=\"async\" width=\"1024\" height=\"768\" src=\"https:\/\/samediasites.blob.core.windows.net\/hotsites-wp-media\/2025\/06\/CAPA-MINA-UNESCO-1024x768.jpeg\" alt=\"\" class=\"wp-image-4502\" title=\"\" srcset=\"https:\/\/samediasites.blob.core.windows.net\/hotsites-wp-media\/2025\/06\/CAPA-MINA-UNESCO-1024x768.jpeg 1024w, https:\/\/samediasites.blob.core.windows.net\/hotsites-wp-media\/2025\/06\/CAPA-MINA-UNESCO-300x225.jpeg 300w, https:\/\/samediasites.blob.core.windows.net\/hotsites-wp-media\/2025\/06\/CAPA-MINA-UNESCO-768x576.jpeg 768w, https:\/\/samediasites.blob.core.windows.net\/hotsites-wp-media\/2025\/06\/CAPA-MINA-UNESCO-1536x1152.jpeg 1536w, https:\/\/samediasites.blob.core.windows.net\/hotsites-wp-media\/2025\/06\/CAPA-MINA-UNESCO.jpeg 1600w\" sizes=\"(max-width: 1024px) 100vw, 1024px\" \/><\/figure>\n\n\n\n<p>Na quarta-feira (11\/6), a Ag\u00eancia Reguladora de \u00c1guas, Energia e Saneamento B\u00e1sico do Distrito Federal (Adasa) participou da celebra\u00e7\u00e3o dos 50 anos do Programa Hidrol\u00f3gico Intergovernamental (IHP) da UNESCO. Realizado na sede da organiza\u00e7\u00e3o, em Paris, o evento destacou os avan\u00e7os promovidos pelo IHP nas \u00e1reas de ci\u00eancia, educa\u00e7\u00e3o e formula\u00e7\u00e3o de pol\u00edticas p\u00fablicas voltadas \u00e0 gest\u00e3o da \u00e1gua.&nbsp;<\/p>\n\n\n\n<p>Durante a cerim\u00f4nia, a Adasa foi representada pelo diretor Rog\u00e9rio Rosso, que apresentou o Projeto Memorial Internacional da \u00c1gua (MINA) acompanhado do ouvidor da Ag\u00eancia, Fernando Martins.<\/p>\n\n\n\n<p>O MINA integra a programa\u00e7\u00e3o gra\u00e7as \u00e0 afilia\u00e7\u00e3o da Adasa \u00e0 Rede Global de Museus da \u00c1gua (WAMU-NET). Na ocasi\u00e3o, o projeto foi destacado como exemplo inovador de preserva\u00e7\u00e3o do patrim\u00f4nio h\u00eddrico e de fomento ao debate global sobre o uso respons\u00e1vel dos recursos h\u00eddricos.&nbsp;<\/p>\n\n\n\n<p>Coordenador do projeto dentro da Ag\u00eancia, Rosso ressaltou o papel do MINA como ferramenta de educa\u00e7\u00e3o e coopera\u00e7\u00e3o internacional:&nbsp;<\/p>\n\n\n\n<p>\u201cO MINA \u00e9 um chamado global \u00e0 prote\u00e7\u00e3o da \u00e1gua. Ser\u00e1 um centro onde pessoas de todo o mundo poder\u00e3o aprender, inovar e colaborar para preservar esse recurso vital. Precisamos de um espa\u00e7o onde jovens, educadores e especialistas, vindos de diferentes culturas, possam se encontrar para trocar experi\u00eancias sobre o nosso recurso natural mais importante: a \u00e1gua.\u201d, afirmou.&nbsp;<\/p>\n\n\n\n<p>Acompanhando a delega\u00e7\u00e3o da Adasa, o conselheiro para Ci\u00eancias Naturais na delega\u00e7\u00e3o permanente do Brasil junto \u00e0 UNESCO, Dr. S\u00e9rgio Benevides, destacou a relev\u00e2ncia internacional do MINA, ressaltando sua sintonia com os compromissos globais da organiza\u00e7\u00e3o&nbsp;<\/p>\n\n\n\n<p>\u201cO projeto do Museu da \u00c1gua, o MINA, est\u00e1 perfeitamente alinhado aos Objetivos de Desenvolvimento Sustent\u00e1vel (ODS) da ONU. Representa um passo importante na promo\u00e7\u00e3o da educa\u00e7\u00e3o ambiental e na conscientiza\u00e7\u00e3o sobre a import\u00e2ncia da \u00e1gua. Estamos muito felizes em ver esse projeto avan\u00e7ar\u201d, declarou.&nbsp;<\/p>\n\n\n\n<p><strong>As Vozes da \u00c1gua&nbsp;<\/strong><\/p>\n\n\n\n<p>A miss\u00e3o da Adasa na capital francesa continua nos pr\u00f3ximos dias, com participa\u00e7\u00e3o no evento promovido pela WAMU-NET, \u201cAs Vozes da \u00c1gua\u201d, nesta quinta-feira (12). O objetivo \u00e9 valorizar as culturas h\u00eddricas ancestrais e hidrotecnologias tradicionais como solu\u00e7\u00f5es sustent\u00e1veis para os desafios contempor\u00e2neos da \u00e1gua e das mudan\u00e7as clim\u00e1ticas. A programa\u00e7\u00e3o inclui uma programa\u00e7\u00e3o com debates e a exibi\u00e7\u00e3o de curtas-metragens produzidos por museus, escolas e comunidades.&nbsp;<\/p>\n\n\n\n<p>A Adasa atua como parceira estrat\u00e9gica do evento e ser\u00e1 respons\u00e1vel pela apresenta\u00e7\u00e3o oficial MINA, na ocasi\u00e3o. Tamb\u00e9m ser\u00e1 divulgado o pr\u00eamio internacional Water Film Prize \u201cDe Volta ao Nosso Futuro\u201d, promovido em parceria com o projeto Let\u2019s Talk About Water. A premia\u00e7\u00e3o ser\u00e1 realizada em novembro durante a 6\u00aa Confer\u00eancia Internacional da WAMU-NET, que contar\u00e1 com a coorganiza\u00e7\u00e3o da Adasa e acontecer\u00e1 em Bras\u00edlia. O objetivo \u00e9 incentivar produ\u00e7\u00f5es audiovisuais que explorem a rela\u00e7\u00e3o das sociedades com a \u00e1gua, promovendo o engajamento de jovens, pesquisadores e comunidades na constru\u00e7\u00e3o de novas narrativas sobre o tema.&nbsp;<\/p>\n\n\n\n<p>Para conhecer mais sobre o MINA e sobre a WAMU NET, acesse os sites: &nbsp;<\/p>\n\n\n\n<h6 class=\"wp-block-heading\">https:\/\/mina.eco.br\u00a0<\/h6>\n\n\n\n<p><a rel=\"noreferrer noopener nofollow\" target=\"_blank\" href=\"http:\/\/watermuseums.net\/\">http:\/\/watermuseums.net\/<\/a><\/p>\n\n\n\n<figure class=\"wp-block-gallery has-nested-images columns-default is-cropped wp-block-gallery-1 is-layout-flex wp-block-gallery-is-layout-flex\">\n<figure class=\"wp-block-image size-large\"><img decoding=\"async\" width=\"600\" height=\"800\" data-id=\"4509\" src=\"https:\/\/samediasites.blob.core.windows.net\/hotsites-wp-media\/2025\/06\/MINA-UNESCO-1.jpeg\" alt=\"\" class=\"wp-image-4509\" title=\"\" srcset=\"https:\/\/samediasites.blob.core.windows.net\/hotsites-wp-media\/2025\/06\/MINA-UNESCO-1.jpeg 600w, https:\/\/samediasites.blob.core.windows.net\/hotsites-wp-media\/2025\/06\/MINA-UNESCO-1-225x300.jpeg 225w\" sizes=\"(max-width: 600px) 100vw, 600px\" \/><\/figure>\n\n\n\n<figure class=\"wp-block-image size-large\"><img decoding=\"async\" width=\"800\" height=\"600\" data-id=\"4508\" src=\"https:\/\/samediasites.blob.core.windows.net\/hotsites-wp-media\/2025\/06\/MINA-UNESCO-5.jpeg\" alt=\"\" class=\"wp-image-4508\" title=\"\" srcset=\"https:\/\/samediasites.blob.core.windows.net\/hotsites-wp-media\/2025\/06\/MINA-UNESCO-5.jpeg 800w, https:\/\/samediasites.blob.core.windows.net\/hotsites-wp-media\/2025\/06\/MINA-UNESCO-5-300x225.jpeg 300w, https:\/\/samediasites.blob.core.windows.net\/hotsites-wp-media\/2025\/06\/MINA-UNESCO-5-768x576.jpeg 768w\" sizes=\"(max-width: 800px) 100vw, 800px\" \/><\/figure>\n\n\n\n<figure class=\"wp-block-image size-large\"><img loading=\"lazy\" decoding=\"async\" width=\"600\" height=\"800\" data-id=\"4507\" src=\"https:\/\/samediasites.blob.core.windows.net\/hotsites-wp-media\/2025\/06\/MINA-UNESCO-4.jpeg\" alt=\"\" class=\"wp-image-4507\" title=\"\" srcset=\"https:\/\/samediasites.blob.core.windows.net\/hotsites-wp-media\/2025\/06\/MINA-UNESCO-4.jpeg 600w, https:\/\/samediasites.blob.core.windows.net\/hotsites-wp-media\/2025\/06\/MINA-UNESCO-4-225x300.jpeg 225w\" sizes=\"(max-width: 600px) 100vw, 600px\" \/><\/figure>\n\n\n\n<figure class=\"wp-block-image size-large\"><img loading=\"lazy\" decoding=\"async\" width=\"600\" height=\"800\" data-id=\"4506\" src=\"https:\/\/samediasites.blob.core.windows.net\/hotsites-wp-media\/2025\/06\/MINA-UNESCO-3.jpeg\" alt=\"\" class=\"wp-image-4506\" title=\"\" srcset=\"https:\/\/samediasites.blob.core.windows.net\/hotsites-wp-media\/2025\/06\/MINA-UNESCO-3.jpeg 600w, https:\/\/samediasites.blob.core.windows.net\/hotsites-wp-media\/2025\/06\/MINA-UNESCO-3-225x300.jpeg 225w\" sizes=\"(max-width: 600px) 100vw, 600px\" \/><\/figure>\n\n\n\n<figure class=\"wp-block-image size-large\"><img loading=\"lazy\" decoding=\"async\" width=\"600\" height=\"800\" data-id=\"4505\" src=\"https:\/\/samediasites.blob.core.windows.net\/hotsites-wp-media\/2025\/06\/MINA-UNESCO-2.jpeg\" alt=\"\" class=\"wp-image-4505\" title=\"\" srcset=\"https:\/\/samediasites.blob.core.windows.net\/hotsites-wp-media\/2025\/06\/MINA-UNESCO-2.jpeg 600w, https:\/\/samediasites.blob.core.windows.net\/hotsites-wp-media\/2025\/06\/MINA-UNESCO-2-225x300.jpeg 225w\" sizes=\"(max-width: 600px) 100vw, 600px\" \/><\/figure>\n<\/figure>\n","protected":false},"excerpt":{"rendered":"<p>Na quarta-feira (11\/6), a Ag\u00eancia Reguladora de \u00c1guas, Energia e Saneamento B\u00e1sico do Distrito Federal (Adasa) participou da celebra\u00e7\u00e3o dos 50 anos do Programa Hidrol\u00f3gico Intergovernamental (IHP) da UNESCO. Realizado na sede da organiza\u00e7\u00e3o, em Paris, o evento destacou os avan\u00e7os promovidos pelo IHP nas \u00e1reas de ci\u00eancia, educa\u00e7\u00e3o e formula\u00e7\u00e3o de pol\u00edticas p\u00fablicas voltadas [&hellip;]<\/p>\n","protected":false},"author":4,"featured_media":4502,"comment_status":"closed","ping_status":"closed","sticky":false,"template":"","format":"standard","meta":{"footnotes":""},"categories":[25],"tags":[],"class_list":["post-4501","post","type-post","status-publish","format-standard","has-post-thumbnail","hentry","category-noticia-geral"],"_links":{"self":[{"href":"https:\/\/hotsites.adasa.df.gov.br\/index.php\/wp-json\/wp\/v2\/posts\/4501","targetHints":{"allow":["GET"]}}],"collection":[{"href":"https:\/\/hotsites.adasa.df.gov.br\/index.php\/wp-json\/wp\/v2\/posts"}],"about":[{"href":"https:\/\/hotsites.adasa.df.gov.br\/index.php\/wp-json\/wp\/v2\/types\/post"}],"author":[{"embeddable":true,"href":"https:\/\/hotsites.adasa.df.gov.br\/index.php\/wp-json\/wp\/v2\/users\/4"}],"replies":[{"embeddable":true,"href":"https:\/\/hotsites.adasa.df.gov.br\/index.php\/wp-json\/wp\/v2\/comments?post=4501"}],"version-history":[{"count":4,"href":"https:\/\/hotsites.adasa.df.gov.br\/index.php\/wp-json\/wp\/v2\/posts\/4501\/revisions"}],"predecessor-version":[{"id":4531,"href":"https:\/\/hotsites.adasa.df.gov.br\/index.php\/wp-json\/wp\/v2\/posts\/4501\/revisions\/4531"}],"wp:featuredmedia":[{"embeddable":true,"href":"https:\/\/hotsites.adasa.df.gov.br\/index.php\/wp-json\/wp\/v2\/media\/4502"}],"wp:attachment":[{"href":"https:\/\/hotsites.adasa.df.gov.br\/index.php\/wp-json\/wp\/v2\/media?parent=4501"}],"wp:term":[{"taxonomy":"category","embeddable":true,"href":"https:\/\/hotsites.adasa.df.gov.br\/index.php\/wp-json\/wp\/v2\/categories?post=4501"},{"taxonomy":"post_tag","embeddable":true,"href":"https:\/\/hotsites.adasa.df.gov.br\/index.php\/wp-json\/wp\/v2\/tags?post=4501"}],"curies":[{"name":"wp","href":"https:\/\/api.w.org\/{rel}","templated":true}]}}