{"id":4472,"date":"2025-06-09T08:57:40","date_gmt":"2025-06-09T11:57:40","guid":{"rendered":"https:\/\/hotsites.adasa.df.gov.br\/?p=4472"},"modified":"2025-06-09T08:57:43","modified_gmt":"2025-06-09T11:57:43","slug":"adasa-participa-de-edicao-especial-da-feira-do-livro-de-brasilia","status":"publish","type":"post","link":"https:\/\/hotsites.adasa.df.gov.br\/index.php\/2025\/06\/09\/adasa-participa-de-edicao-especial-da-feira-do-livro-de-brasilia\/","title":{"rendered":"Adasa participa de Edi\u00e7\u00e3o Especial da Feira do Livro de Bras\u00edlia"},"content":{"rendered":"\n<figure class=\"wp-block-image aligncenter size-large\"><img fetchpriority=\"high\" decoding=\"async\" width=\"1024\" height=\"768\" src=\"https:\/\/samediasites.blob.core.windows.net\/hotsites-wp-media\/2025\/06\/CAPA-FeliB-1024x768.jpg\" alt=\"\" class=\"wp-image-4473\" title=\"\" srcset=\"https:\/\/samediasites.blob.core.windows.net\/hotsites-wp-media\/2025\/06\/CAPA-FeliB-1024x768.jpg 1024w, https:\/\/samediasites.blob.core.windows.net\/hotsites-wp-media\/2025\/06\/CAPA-FeliB-300x225.jpg 300w, https:\/\/samediasites.blob.core.windows.net\/hotsites-wp-media\/2025\/06\/CAPA-FeliB-768x576.jpg 768w, https:\/\/samediasites.blob.core.windows.net\/hotsites-wp-media\/2025\/06\/CAPA-FeliB-1536x1152.jpg 1536w, https:\/\/samediasites.blob.core.windows.net\/hotsites-wp-media\/2025\/06\/CAPA-FeliB-2048x1536.jpg 2048w\" sizes=\"(max-width: 1024px) 100vw, 1024px\" \/><\/figure>\n\n\n\n<p>Teve in\u00edcio na tarde da \u00faltima quinta-feira (5\/6) mais uma edi\u00e7\u00e3o da Feira do Livro de Bras\u00edlia (FeliB), evento que este ano destaca a sustentabilidade e integra as atividades da Semana Mundial do Meio Ambiente. A Ag\u00eancia Reguladora de \u00c1guas, Energia e Saneamento B\u00e1sico do Distrito Federal (Adasa) marcou presen\u00e7a com a\u00e7\u00f5es de educa\u00e7\u00e3o ambiental voltadas especialmente para estudantes da rede p\u00fablica de ensino.&nbsp;<\/p>\n\n\n\n<p>Com transporte e lanche oferecidos pela Secretaria de Educa\u00e7\u00e3o do DF (SEEDF), mais de cinco mil alunos s\u00e3o esperados ao longo da programa\u00e7\u00e3o. Nos dois primeiros dias de FeliB, o Programa Adasa Na Escola esteve promovendo o uso respons\u00e1vel da \u00e1gua entre os estudantes e visitantes, al\u00e9m de apresentar a maquete da Ag\u00eancia, que permite visualizar e compreender de forma l\u00fadica e educativa diversas etapas do ciclo da \u00e1gua e da gest\u00e3o sustent\u00e1vel dos recursos naturais. A maquete estar\u00e1 exposta durante toda programa\u00e7\u00e3o do evento.&nbsp;<\/p>\n\n\n\n<p>A cerim\u00f4nia de abertura contou com a presen\u00e7a de autoridades do Governo do Distrito Federal (GDF), entre elas a vice-governadora Celina Le\u00e3o, a secret\u00e1ria de Educa\u00e7\u00e3o, H\u00e9lvia Paranagu\u00e1, e o secret\u00e1rio de Meio Ambiente, Gutemberg Gomes.&nbsp;<\/p>\n\n\n\n<p>Durante seu discurso, a vice-governadora destacou a import\u00e2ncia de integrar a sustentabilidade \u00e0 educa\u00e7\u00e3o. \u201cN\u00e3o adianta falar de sustentabilidade se voc\u00ea n\u00e3o tiver uma educa\u00e7\u00e3o para isso. Uma crian\u00e7a que n\u00e3o participa de uma educa\u00e7\u00e3o de qualidade se torna um adulto que, muitas vezes, n\u00e3o tem compromisso com o meio ambiente\u201d, afirmou, Celina.&nbsp;<\/p>\n\n\n\n<p>A secret\u00e1ria de Educa\u00e7\u00e3o, ressaltou o papel transformador da literatura na constru\u00e7\u00e3o de uma sociedade mais consciente. Em sua fala, recitou versos do poeta Castro Alves: \u201cBendito o que semeia livros, livros \u00e0 m\u00e3o-cheia, e manda o povo pensar! O livro, caindo n\u2019alma, \u00e9 germe \u2013 que faz a palma, \u00e9 chuva \u2013 que faz o mar\u201d.&nbsp;<\/p>\n\n\n\n<p>Na sexta-feira (6\/6), segundo dia do evento, o servidor da Adasa Miguel Sartori participou da programa\u00e7\u00e3o com uma sess\u00e3o de conta\u00e7\u00e3o de hist\u00f3rias, envolvendo o p\u00fablico infantil com o conto: Z\u00e9 da Ro\u00e7a &#8211; A \u00c1rvore da Abund\u00e2ncia.&nbsp;<\/p>\n\n\n\n<p>Promovida pela C\u00e2mara do Livro do Distrito Federal, com apoio da Secretaria de Meio Ambiente e Prote\u00e7\u00e3o Animal (SEMA-DF), a FeliB segue at\u00e9 o dia 14 de junho, oferecendo uma programa\u00e7\u00e3o diversificada. Entre as atividades est\u00e3o rodas de conversa, oficinas educativas, sess\u00f5es de conta\u00e7\u00e3o de hist\u00f3rias, participa\u00e7\u00e3o de autores e ilustradores convidados, expositores ligados \u00e0 economia verde e intensa participa\u00e7\u00e3o dos estudantes da rede p\u00fablica.<\/p>\n\n\n\n<figure class=\"wp-block-gallery has-nested-images columns-default is-cropped wp-block-gallery-1 is-layout-flex wp-block-gallery-is-layout-flex\">\n<figure class=\"wp-block-image size-large\"><img decoding=\"async\" width=\"800\" height=\"600\" data-id=\"4474\" src=\"https:\/\/samediasites.blob.core.windows.net\/hotsites-wp-media\/2025\/06\/imageedit_15_3884824393.jpg\" alt=\"\" class=\"wp-image-4474\" title=\"\" srcset=\"https:\/\/samediasites.blob.core.windows.net\/hotsites-wp-media\/2025\/06\/imageedit_15_3884824393.jpg 800w, https:\/\/samediasites.blob.core.windows.net\/hotsites-wp-media\/2025\/06\/imageedit_15_3884824393-300x225.jpg 300w, https:\/\/samediasites.blob.core.windows.net\/hotsites-wp-media\/2025\/06\/imageedit_15_3884824393-768x576.jpg 768w\" sizes=\"(max-width: 800px) 100vw, 800px\" \/><\/figure>\n\n\n\n<figure class=\"wp-block-image size-large\"><img decoding=\"async\" width=\"700\" height=\"933\" data-id=\"4475\" src=\"https:\/\/samediasites.blob.core.windows.net\/hotsites-wp-media\/2025\/06\/imageedit_13_4206109513.jpg\" alt=\"\" class=\"wp-image-4475\" title=\"\" srcset=\"https:\/\/samediasites.blob.core.windows.net\/hotsites-wp-media\/2025\/06\/imageedit_13_4206109513.jpg 700w, https:\/\/samediasites.blob.core.windows.net\/hotsites-wp-media\/2025\/06\/imageedit_13_4206109513-225x300.jpg 225w\" sizes=\"(max-width: 700px) 100vw, 700px\" \/><\/figure>\n\n\n\n<figure class=\"wp-block-image size-large\"><img loading=\"lazy\" decoding=\"async\" width=\"800\" height=\"600\" data-id=\"4476\" src=\"https:\/\/samediasites.blob.core.windows.net\/hotsites-wp-media\/2025\/06\/imageedit_11_8361603037.jpg\" alt=\"\" class=\"wp-image-4476\" title=\"\" srcset=\"https:\/\/samediasites.blob.core.windows.net\/hotsites-wp-media\/2025\/06\/imageedit_11_8361603037.jpg 800w, https:\/\/samediasites.blob.core.windows.net\/hotsites-wp-media\/2025\/06\/imageedit_11_8361603037-300x225.jpg 300w, https:\/\/samediasites.blob.core.windows.net\/hotsites-wp-media\/2025\/06\/imageedit_11_8361603037-768x576.jpg 768w\" sizes=\"(max-width: 800px) 100vw, 800px\" \/><\/figure>\n\n\n\n<figure class=\"wp-block-image size-large\"><img loading=\"lazy\" decoding=\"async\" width=\"800\" height=\"600\" data-id=\"4477\" src=\"https:\/\/samediasites.blob.core.windows.net\/hotsites-wp-media\/2025\/06\/imageedit_9_6514139994.jpg\" alt=\"\" class=\"wp-image-4477\" title=\"\" srcset=\"https:\/\/samediasites.blob.core.windows.net\/hotsites-wp-media\/2025\/06\/imageedit_9_6514139994.jpg 800w, https:\/\/samediasites.blob.core.windows.net\/hotsites-wp-media\/2025\/06\/imageedit_9_6514139994-300x225.jpg 300w, https:\/\/samediasites.blob.core.windows.net\/hotsites-wp-media\/2025\/06\/imageedit_9_6514139994-768x576.jpg 768w\" sizes=\"(max-width: 800px) 100vw, 800px\" \/><\/figure>\n\n\n\n<figure class=\"wp-block-image size-large\"><img loading=\"lazy\" decoding=\"async\" width=\"800\" height=\"600\" data-id=\"4478\" src=\"https:\/\/samediasites.blob.core.windows.net\/hotsites-wp-media\/2025\/06\/imageedit_7_2992318959.jpg\" alt=\"\" class=\"wp-image-4478\" title=\"\" srcset=\"https:\/\/samediasites.blob.core.windows.net\/hotsites-wp-media\/2025\/06\/imageedit_7_2992318959.jpg 800w, https:\/\/samediasites.blob.core.windows.net\/hotsites-wp-media\/2025\/06\/imageedit_7_2992318959-300x225.jpg 300w, https:\/\/samediasites.blob.core.windows.net\/hotsites-wp-media\/2025\/06\/imageedit_7_2992318959-768x576.jpg 768w\" sizes=\"(max-width: 800px) 100vw, 800px\" \/><\/figure>\n\n\n\n<figure class=\"wp-block-image size-large\"><img loading=\"lazy\" decoding=\"async\" width=\"700\" height=\"933\" data-id=\"4479\" src=\"https:\/\/samediasites.blob.core.windows.net\/hotsites-wp-media\/2025\/06\/imageedit_5_5540679560.jpg\" alt=\"\" class=\"wp-image-4479\" title=\"\" srcset=\"https:\/\/samediasites.blob.core.windows.net\/hotsites-wp-media\/2025\/06\/imageedit_5_5540679560.jpg 700w, https:\/\/samediasites.blob.core.windows.net\/hotsites-wp-media\/2025\/06\/imageedit_5_5540679560-225x300.jpg 225w\" sizes=\"(max-width: 700px) 100vw, 700px\" \/><\/figure>\n\n\n\n<figure class=\"wp-block-image size-large\"><img loading=\"lazy\" decoding=\"async\" width=\"800\" height=\"600\" data-id=\"4480\" src=\"https:\/\/samediasites.blob.core.windows.net\/hotsites-wp-media\/2025\/06\/imageedit_3_4817912623.jpg\" alt=\"\" class=\"wp-image-4480\" title=\"\" srcset=\"https:\/\/samediasites.blob.core.windows.net\/hotsites-wp-media\/2025\/06\/imageedit_3_4817912623.jpg 800w, https:\/\/samediasites.blob.core.windows.net\/hotsites-wp-media\/2025\/06\/imageedit_3_4817912623-300x225.jpg 300w, https:\/\/samediasites.blob.core.windows.net\/hotsites-wp-media\/2025\/06\/imageedit_3_4817912623-768x576.jpg 768w\" sizes=\"(max-width: 800px) 100vw, 800px\" \/><\/figure>\n\n\n\n<figure class=\"wp-block-image size-large\"><img loading=\"lazy\" decoding=\"async\" width=\"800\" height=\"600\" data-id=\"4481\" src=\"https:\/\/samediasites.blob.core.windows.net\/hotsites-wp-media\/2025\/06\/imageedit_1_5731295766.jpg\" alt=\"\" class=\"wp-image-4481\" title=\"\" srcset=\"https:\/\/samediasites.blob.core.windows.net\/hotsites-wp-media\/2025\/06\/imageedit_1_5731295766.jpg 800w, https:\/\/samediasites.blob.core.windows.net\/hotsites-wp-media\/2025\/06\/imageedit_1_5731295766-300x225.jpg 300w, https:\/\/samediasites.blob.core.windows.net\/hotsites-wp-media\/2025\/06\/imageedit_1_5731295766-768x576.jpg 768w\" sizes=\"(max-width: 800px) 100vw, 800px\" \/><\/figure>\n<\/figure>\n\n\n\n<p>Assessoria de Comunica\u00e7\u00e3o Institucional (ACI)<br>(61) 3961-4972\/4909\/5084 ou&nbsp;3966-7514\/7507<br><a href=\"mailto:aci@adasa.df.gov.br\"><\/a><a href=\"mailto:aci@adasa.df.gov.br\"><\/a><a href=\"mailto:aci@adasa.df.gov.br\"><\/a><a href=\"mailto:aci@adasa.df.gov.br\"><\/a><a href=\"mailto:aci@adasa.df.gov.br\"><\/a><a href=\"mailto:aci@adasa.df.gov.br\"><\/a><a href=\"mailto:aci@adasa.df.gov.br\"><\/a><a href=\"mailto:aci@adasa.df.gov.br\"><\/a><a href=\"mailto:aci@adasa.df.gov.br\"><\/a><a href=\"mailto:aci@adasa.df.gov.br\"><\/a><a href=\"mailto:aci@adasa.df.gov.br\"><\/a><a href=\"mailto:aci@adasa.df.gov.br\"><\/a><a href=\"mailto:aci@adasa.df.gov.br\"><\/a><a href=\"mailto:aci@adasa.df.gov.br\"><\/a><a href=\"mailto:aci@adasa.df.gov.br\"><\/a><a href=\"mailto:aci@adasa.df.gov.br\"><\/a><a href=\"mailto:aci@adasa.df.gov.br\"><\/a><a href=\"mailto:aci@adasa.df.gov.br\"><\/a><a href=\"mailto:aci@adasa.df.gov.br\"><\/a><a href=\"mailto:aci@adasa.df.gov.br\"><\/a><a href=\"mailto:aci@adasa.df.gov.br\"><\/a><a href=\"mailto:aci@adasa.df.gov.br\"><\/a><a href=\"mailto:aci@adasa.df.gov.br\"><\/a><a href=\"mailto:aci@adasa.df.gov.br\"><\/a><a href=\"mailto:aci@adasa.df.gov.br\"><\/a><a href=\"mailto:aci@adasa.df.gov.br\"><\/a><a href=\"mailto:aci@adasa.df.gov.br\"><\/a><a href=\"mailto:aci@adasa.df.gov.br\"><\/a><a href=\"mailto:aci@adasa.df.gov.br\"><\/a><a href=\"mailto:aci@adasa.df.gov.br\"><\/a><a href=\"mailto:aci@adasa.df.gov.br\"><\/a><a href=\"mailto:aci@adasa.df.gov.br\"><\/a><a href=\"mailto:aci@adasa.df.gov.br\"><\/a><a href=\"mailto:aci@adasa.df.gov.br\">aci@adasa.df.gov.br<\/a><\/p>\n\n\n\n<p><\/p>\n","protected":false},"excerpt":{"rendered":"<p>Teve in\u00edcio na tarde da \u00faltima quinta-feira (5\/6) mais uma edi\u00e7\u00e3o da Feira do Livro de Bras\u00edlia (FeliB), evento que este ano destaca a sustentabilidade e integra as atividades da Semana Mundial do Meio Ambiente. A Ag\u00eancia Reguladora de \u00c1guas, Energia e Saneamento B\u00e1sico do Distrito Federal (Adasa) marcou presen\u00e7a com a\u00e7\u00f5es de educa\u00e7\u00e3o ambiental [&hellip;]<\/p>\n","protected":false},"author":4,"featured_media":4473,"comment_status":"closed","ping_status":"closed","sticky":false,"template":"","format":"standard","meta":{"footnotes":""},"categories":[25],"tags":[],"class_list":["post-4472","post","type-post","status-publish","format-standard","has-post-thumbnail","hentry","category-noticia-geral"],"_links":{"self":[{"href":"https:\/\/hotsites.adasa.df.gov.br\/index.php\/wp-json\/wp\/v2\/posts\/4472","targetHints":{"allow":["GET"]}}],"collection":[{"href":"https:\/\/hotsites.adasa.df.gov.br\/index.php\/wp-json\/wp\/v2\/posts"}],"about":[{"href":"https:\/\/hotsites.adasa.df.gov.br\/index.php\/wp-json\/wp\/v2\/types\/post"}],"author":[{"embeddable":true,"href":"https:\/\/hotsites.adasa.df.gov.br\/index.php\/wp-json\/wp\/v2\/users\/4"}],"replies":[{"embeddable":true,"href":"https:\/\/hotsites.adasa.df.gov.br\/index.php\/wp-json\/wp\/v2\/comments?post=4472"}],"version-history":[{"count":1,"href":"https:\/\/hotsites.adasa.df.gov.br\/index.php\/wp-json\/wp\/v2\/posts\/4472\/revisions"}],"predecessor-version":[{"id":4482,"href":"https:\/\/hotsites.adasa.df.gov.br\/index.php\/wp-json\/wp\/v2\/posts\/4472\/revisions\/4482"}],"wp:featuredmedia":[{"embeddable":true,"href":"https:\/\/hotsites.adasa.df.gov.br\/index.php\/wp-json\/wp\/v2\/media\/4473"}],"wp:attachment":[{"href":"https:\/\/hotsites.adasa.df.gov.br\/index.php\/wp-json\/wp\/v2\/media?parent=4472"}],"wp:term":[{"taxonomy":"category","embeddable":true,"href":"https:\/\/hotsites.adasa.df.gov.br\/index.php\/wp-json\/wp\/v2\/categories?post=4472"},{"taxonomy":"post_tag","embeddable":true,"href":"https:\/\/hotsites.adasa.df.gov.br\/index.php\/wp-json\/wp\/v2\/tags?post=4472"}],"curies":[{"name":"wp","href":"https:\/\/api.w.org\/{rel}","templated":true}]}}